{"id":3033,"date":"2025-06-25T13:55:17","date_gmt":"2025-06-25T12:55:17","guid":{"rendered":"https:\/\/www.kvzrt.hu\/?p=3033"},"modified":"2025-06-26T10:44:36","modified_gmt":"2025-06-26T09:44:36","slug":"koltozik-a-parkolasuzemeltetesi-ugyfelszolgalatunk","status":"publish","type":"post","link":"https:\/\/www.kvzrt.hu\/?p=3033","title":{"rendered":"K\u00f6lt\u00f6zik a Parkol\u00e1s\u00fczemeltet\u00e9si \u00dcgyf\u00e9lszolg\u00e1latunk!"},"content":{"rendered":"\n<p>Tisztelt \u00dcgyfeleink! <\/p>\n\n\n\n<p>T\u00e1j\u00e9koztatjuk \u00d6n\u00f6ket, hogy a Parkol\u00e1s\u00fczemeltet\u00e9si Iroda \u00dcgyf\u00e9lszolg\u00e1lata \u00faj helyre k\u00f6lt\u00f6zik! <\/p>\n\n\n\n<p>K\u0151b\u00e1nya valamennyi ker\u00fcletr\u00e9sze szempontj\u00e1b\u00f3l frekvent\u00e1lt, j\u00f3l megk\u00f6zel\u00edthet\u0151, k\u00f6zponti irod\u00e1ba. <\/p>\n\n\n\n<p>\u00daj c\u00edm\u00fcnk, ahol szem\u00e9lyes \u00fcgyint\u00e9z\u00e9s c\u00e9lj\u00e1b\u00f3l 2025. j\u00falius 7-\u00e9n (h\u00e9tf\u0151n) 9:00 \u00f3r\u00e1t\u00f3l szeretettel v\u00e1rjuk \u00d6n\u00f6ket, \u00fcgyfeleinket: 1105 Budapest, Rom\u00e1n utca 2. <\/p>\n\n\n\n<p>A k\u00f6lt\u00f6z\u00e9s napjai alatt, 2025. j\u00fanius 30-\u00e1t\u00f3l az \u00fcgyf\u00e9lszolg\u00e1lat cs\u00f6kkentett kapacit\u00e1ssal \u00fczemel a 1106 Budapest, G\u00e9pmad\u00e1r utca 2-8. sz\u00e1m alatt. Telefon: +36 30 790 0733 <\/p>\n\n\n\n<p>A telefonos \u00e9s elektronikus \u00fcgyint\u00e9z\u00e9s a k\u00f6lt\u00f6z\u00e9s idej\u00e9n terveink szerint zavartalanul folyik. <\/p>\n\n\n\n<p>2025. j\u00falius 7-\u00e9t\u0151l szem\u00e9lyes \u00fcgyint\u00e9z\u00e9s kiz\u00e1r\u00f3lag az \u00faj irod\u00e1ban lehets\u00e9ges, a megszokott nyitvatart\u00e1si rend szerint: <\/p>\n\n\n\n<p>H\u00e9tf\u0151, kedd, cs\u00fct\u00f6rt\u00f6k: 9.00 \u2013 17.00 <\/p>\n\n\n\n<p>Szerda: 9.00 \u2013 18.00 <\/p>\n\n\n\n<p>P\u00e9ntek: 9.00 \u2013 16.00 <\/p>\n\n\n\n<p>Meg\u00e9rt\u00e9s\u00fcket \u00e9s t\u00fcrelm\u00fcket k\u00f6sz\u00f6nj\u00fck!\u00a0\u00a0\u00a0<\/p>\n","protected":false},"excerpt":{"rendered":"<p>Tisztelt \u00dcgyfeleink! T\u00e1j\u00e9koztatjuk \u00d6n\u00f6ket, hogy a Parkol\u00e1s\u00fczemeltet\u00e9si Iroda \u00dcgyf\u00e9lszolg\u00e1lata \u00faj helyre k\u00f6lt\u00f6zik! K\u0151b\u00e1nya valamennyi ker\u00fcletr\u00e9sze szempontj\u00e1b\u00f3l frekvent\u00e1lt, j\u00f3l megk\u00f6zel\u00edthet\u0151, k\u00f6zponti irod\u00e1ba. \u00daj c\u00edm\u00fcnk, ahol szem\u00e9lyes \u00fcgyint\u00e9z\u00e9s c\u00e9lj\u00e1b\u00f3l 2025. j\u00falius 7-\u00e9n (h\u00e9tf\u0151n) 9:00 \u00f3r\u00e1t\u00f3l szeretettel v\u00e1rjuk \u00d6n\u00f6ket, \u00fcgyfeleinket: 1105 Budapest, Rom\u00e1n utca 2. A k\u00f6lt\u00f6z\u00e9s napjai alatt, 2025. j\u00fanius 30-\u00e1t\u00f3l az \u00fcgyf\u00e9lszolg\u00e1lat cs\u00f6kkentett kapacit\u00e1ssal \u00fczemel a [&hellip;]<\/p>\n","protected":false},"author":3,"featured_media":0,"comment_status":"closed","ping_status":"closed","sticky":false,"template":"","format":"standard","meta":{"_monsterinsights_skip_tracking":false,"_monsterinsights_sitenote_active":false,"_monsterinsights_sitenote_note":"","_monsterinsights_sitenote_category":0,"footnotes":""},"categories":[1],"tags":[],"class_list":["post-3033","post","type-post","status-publish","format-standard","hentry","category-egyeb"],"_links":{"self":[{"href":"https:\/\/www.kvzrt.hu\/index.php?rest_route=\/wp\/v2\/posts\/3033","targetHints":{"allow":["GET"]}}],"collection":[{"href":"https:\/\/www.kvzrt.hu\/index.php?rest_route=\/wp\/v2\/posts"}],"about":[{"href":"https:\/\/www.kvzrt.hu\/index.php?rest_route=\/wp\/v2\/types\/post"}],"author":[{"embeddable":true,"href":"https:\/\/www.kvzrt.hu\/index.php?rest_route=\/wp\/v2\/users\/3"}],"replies":[{"embeddable":true,"href":"https:\/\/www.kvzrt.hu\/index.php?rest_route=%2Fwp%2Fv2%2Fcomments&post=3033"}],"version-history":[{"count":3,"href":"https:\/\/www.kvzrt.hu\/index.php?rest_route=\/wp\/v2\/posts\/3033\/revisions"}],"predecessor-version":[{"id":3037,"href":"https:\/\/www.kvzrt.hu\/index.php?rest_route=\/wp\/v2\/posts\/3033\/revisions\/3037"}],"wp:attachment":[{"href":"https:\/\/www.kvzrt.hu\/index.php?rest_route=%2Fwp%2Fv2%2Fmedia&parent=3033"}],"wp:term":[{"taxonomy":"category","embeddable":true,"href":"https:\/\/www.kvzrt.hu\/index.php?rest_route=%2Fwp%2Fv2%2Fcategories&post=3033"},{"taxonomy":"post_tag","embeddable":true,"href":"https:\/\/www.kvzrt.hu\/index.php?rest_route=%2Fwp%2Fv2%2Ftags&post=3033"}],"curies":[{"name":"wp","href":"https:\/\/api.w.org\/{rel}","templated":true}]}}